

{"id":9671,"date":"2017-05-16T14:26:26","date_gmt":"2017-05-16T13:26:26","guid":{"rendered":"https:\/\/www.timmpi.com\/fr\/?p=9671"},"modified":"2017-05-16T14:26:26","modified_gmt":"2017-05-16T13:26:26","slug":"limmersion-par-le-son","status":"publish","type":"post","link":"https:\/\/www.timmpi.com\/fr\/limmersion-par-le-son\/","title":{"rendered":"L&rsquo;immersion par le son : l&rsquo;\u00e9nergie de la musique"},"content":{"rendered":"[vc_row type=\u00a0\u00bbin_container\u00a0\u00bb full_screen_row_position=\u00a0\u00bbmiddle\u00a0\u00bb scene_position=\u00a0\u00bbcenter\u00a0\u00bb text_color=\u00a0\u00bbdark\u00a0\u00bb text_align=\u00a0\u00bbleft\u00a0\u00bb overlay_strength=\u00a0\u00bb0.3&Prime;][vc_column column_padding=\u00a0\u00bbno-extra-padding\u00a0\u00bb column_padding_position=\u00a0\u00bball\u00a0\u00bb background_color_opacity=\u00a0\u00bb1&Prime; background_hover_color_opacity=\u00a0\u00bb1&Prime; column_shadow=\u00a0\u00bbnone\u00a0\u00bb width=\u00a0\u00bb1\/1&Prime; tablet_text_alignment=\u00a0\u00bbdefault\u00a0\u00bb phone_text_alignment=\u00a0\u00bbdefault\u00a0\u00bb column_border_width=\u00a0\u00bbnone\u00a0\u00bb column_border_style=\u00a0\u00bbsolid\u00a0\u00bb][vc_column_text]A l&rsquo;instar de la m\u00e9ditation et du yoga, la musique ne divise pas mais regroupe.\u00a0 Le corps et l&rsquo;esprit s&rsquo;y trouvent combl\u00e9s. Le contexte spatio-temporel, flux continu, nous offre une multiplicit\u00e9 de recherches, provenant de l&rsquo;infinie diversit\u00e9 des perceptions humaines. Oscar Wilde, connu pour ses citations qui percent une bulle, a \u00e9crit \u00ab\u00a0La musique met l&rsquo;\u00e2me en harmonie avec tout ce qui existe.\u00a0\u00bb J&rsquo;irai aujourd&rsquo;hui vers l&rsquo;\u00e9nergie qu&rsquo;elle procure, de mani\u00e8re g\u00e9n\u00e9rale, \u00e9manant de deux points\u00a0: la fr\u00e9quence et la puissance\u00a0; parties qui additionn\u00e9es cr\u00e9ent chez moi l&rsquo;immersion.<\/p>\n<p>&nbsp;<\/p>\n<p><strong>La fr\u00e9quence<\/strong><\/p>\n<p>Un point commun qu&rsquo;on trouve privil\u00e9gi\u00e9 dans la pratique musicale, la notion de \u00ab\u00a0se sentir bien\u00a0\u00bb ou du moins exprim\u00e9e en tant que sujet, auditeur ou cr\u00e9ateur,\u00a0 recherche entre sensations du corps et images de la conscience perceptive. A cela nombres d&rsquo;artistes ont, sensiblement ou techniquement, us\u00e9 de certaines fr\u00e9quences qui influencent notre \u00e9tat mental. Peut-on retrouver par exemple le fameux 432hz chez Mozart comme chez Bob Marley, favorisant relaxation et bien-\u00eatre. Visant \u00e0 r\u00e9parer, ou en un autre terme harmoniser, la fr\u00e9quence 518hz pourra \u00eatre choisie. Ainsi on comprend que la fr\u00e9quence, choisie dans une ad\u00e9quation particuli\u00e8re \u00e0 un \u00e9tat momentan\u00e9,\u00a0 est fort pratique pour la temp\u00e9rance, car il ne se trouve rien de plus naturel comme rem\u00e8de de l&rsquo;instant, que de vibrer autrement. L&rsquo;ayurveda et l\u2019\u0153uvre am\u00e9rindienne sont illustres dans l&rsquo;application de la logique vibratoire au sein de la musique.<\/p>\n<p><strong>La puissance<\/strong><\/p>\n<p><img loading=\"lazy\" decoding=\"async\" class=\"alignnone wp-image-9658 aligncenter\" src=\"https:\/\/www.timmpi.com\/wp-content\/uploads\/energie-musique2-300x169.gif\" alt=\"energie-musique2\" width=\"521\" height=\"294\" \/><\/p>\n<p style=\"text-align: left\">La puissance est l&rsquo;autre facteur parlant. La teuf est un exemple qui aime \u00e0 parler en kg\/watts, et \u00e9claire une mani\u00e8re qu&rsquo;a la musique de devenir \u00e9nergie. Une transe s&rsquo;y produit souvent, collective, dans une informelle union chor\u00e9graphi\u00e9e, expression d&rsquo;une partie choisie de la nature, exprim\u00e9e au gr\u00e9 du subjectif prisme de l&rsquo;artiste, \u00e9clair\u00e9e par la compr\u00e9hension commune. On y re\u00e7oit ces kg\/watts, on y donne son corps comme extension instrumentale, devenu-e soi-m\u00eame vibration coh\u00e9rente \u00e0 l&rsquo;ensemble des cons\u0153urs qui l&rsquo;entourent.<\/p>\n<p>&nbsp;<\/p>\n<p><strong>La technologie, le medium \u00e9volutif<\/strong><\/p>\n<p>Unilat\u00e9ralement, la technologie propose des exp\u00e9riences plus immersives. Internet, biblioth\u00e8que au service de l&rsquo;enti\u00e8re humanit\u00e9, nous propose la connaissance, tandis que parall\u00e8lement les instruments et les m\u00e9diums qui les rediffusent (enceinte, SubPac, casque) subliment la forme des nouvelles propositions et force de son efficience, d&rsquo;accentuer le fond qu&rsquo;on veut y trouver.<\/p>\n<p>&nbsp;<\/p>\n<p><img loading=\"lazy\" decoding=\"async\" class=\"alignnone wp-image-9660 aligncenter\" src=\"https:\/\/www.timmpi.com\/wp-content\/uploads\/energie-musique3-300x232.jpg\" alt=\"energie-musique3\" width=\"563\" height=\"436\" \/><\/p>\n<p>&nbsp;<\/p>\n<p>Je conclurai en disant que les t\u00e9moignages de vie que transporte la musique \u00e0 travers le monde montrent les th\u00e9matiques \u00e9ternellement centrales de l&rsquo;existence humaine, elle l&rsquo;invite toujours \u00e0 mieux ressentir pour mieux se conna\u00eetre, pour, par extension, fleurir dans le jardin.<\/p>\n<p>&nbsp;<\/p>\n<p><strong>Melvin Direitinho<\/strong><br \/>\n<strong>Photos https:\/\/pixabay.com\/<\/strong>[\/vc_column_text][\/vc_column][\/vc_row]\n","protected":false},"excerpt":{"rendered":"<p>[vc_row type=\u00a0\u00bbin_container\u00a0\u00bb full_screen_row_position=\u00a0\u00bbmiddle\u00a0\u00bb scene_position=\u00a0\u00bbcenter\u00a0\u00bb text_color=\u00a0\u00bbdark\u00a0\u00bb text_align=\u00a0\u00bbleft\u00a0\u00bb overlay_strength=\u00a0\u00bb0.3&Prime;][vc_column column_padding=\u00a0\u00bbno-extra-padding\u00a0\u00bb column_padding_position=\u00a0\u00bball\u00a0\u00bb background_color_opacity=\u00a0\u00bb1&Prime; background_hover_color_opacity=\u00a0\u00bb1&Prime; column_shadow=\u00a0\u00bbnone\u00a0\u00bb width=\u00a0\u00bb1\/1&Prime; tablet_text_alignment=\u00a0\u00bbdefault\u00a0\u00bb phone_text_alignment=\u00a0\u00bbdefault\u00a0\u00bb&#8230;<\/p>\n","protected":false},"author":1,"featured_media":0,"comment_status":"open","ping_status":"open","sticky":false,"template":"","format":"standard","meta":{"inline_featured_image":false,"footnotes":""},"categories":[363,281],"tags":[],"class_list":{"0":"post-9671","1":"post","2":"type-post","3":"status-publish","4":"format-standard","6":"category-actualites","7":"category-ressentir-la-musique"},"yoast_head":"<!-- This site is optimized with the Yoast SEO Premium plugin v23.1 (Yoast SEO v24.7) - https:\/\/yoast.com\/wordpress\/plugins\/seo\/ -->\n<title>L&#039;immersion par le son : l&#039;\u00e9nergie de la musique &#8211; TiMMPi<\/title>\n<meta name=\"description\" content=\"A l&#039;instar de la m\u00e9ditation et du yoga, la musique ne divise pas mais regroupe. Le corps et l&#039;esprit s&#039;y trouvent combl\u00e9s. Par Melvin Direitinho\" \/>\n<meta name=\"robots\" content=\"index, follow, max-snippet:-1, max-image-preview:large, max-video-preview:-1\" \/>\n<link rel=\"canonical\" href=\"https:\/\/www.timmpi.com\/fr\/limmersion-par-le-son\/\" \/>\n<meta property=\"og:locale\" content=\"fr_FR\" \/>\n<meta property=\"og:type\" content=\"article\" \/>\n<meta property=\"og:title\" content=\"L&#039;immersion par le son : l&#039;\u00e9nergie de la musique\" \/>\n<meta property=\"og:description\" content=\"A l&#039;instar de la m\u00e9ditation et du yoga, la musique ne divise pas mais regroupe. Le corps et l&#039;esprit s&#039;y trouvent combl\u00e9s. Par Melvin Direitinho\" \/>\n<meta property=\"og:url\" content=\"https:\/\/www.timmpi.com\/fr\/limmersion-par-le-son\/\" \/>\n<meta property=\"og:site_name\" content=\"TiMMPi\" \/>\n<meta property=\"article:publisher\" content=\"http:\/\/www.facebook.com\/timmpiofficial\" \/>\n<meta property=\"article:published_time\" content=\"2017-05-16T13:26:26+00:00\" \/>\n<meta property=\"og:image\" content=\"https:\/\/www.timmpi.com\/wp-content\/uploads\/energie-musique2-300x169.gif\" \/>\n<meta name=\"author\" content=\"Anna Svenska\" \/>\n<meta name=\"twitter:card\" content=\"summary_large_image\" \/>\n<meta name=\"twitter:creator\" content=\"@timmpi\" \/>\n<meta name=\"twitter:site\" content=\"@timmpi\" \/>\n<meta name=\"twitter:label1\" content=\"\u00c9crit par\" \/>\n\t<meta name=\"twitter:data1\" content=\"Anna Svenska\" \/>\n\t<meta name=\"twitter:label2\" content=\"Dur\u00e9e de lecture estim\u00e9e\" \/>\n\t<meta name=\"twitter:data2\" content=\"3 minutes\" \/>\n<script type=\"application\/ld+json\" class=\"yoast-schema-graph\">{\"@context\":\"https:\/\/schema.org\",\"@graph\":[{\"@type\":\"Article\",\"@id\":\"https:\/\/www.timmpi.com\/fr\/limmersion-par-le-son\/#article\",\"isPartOf\":{\"@id\":\"https:\/\/www.timmpi.com\/fr\/limmersion-par-le-son\/\"},\"author\":{\"name\":\"Anna Svenska\",\"@id\":\"https:\/\/www.timmpi.com\/fr\/#\/schema\/person\/37b1600499cdd582edea63ec5e02ebb5\"},\"headline\":\"L&rsquo;immersion par le son : l&rsquo;\u00e9nergie de la musique\",\"datePublished\":\"2017-05-16T13:26:26+00:00\",\"mainEntityOfPage\":{\"@id\":\"https:\/\/www.timmpi.com\/fr\/limmersion-par-le-son\/\"},\"wordCount\":540,\"commentCount\":3,\"publisher\":{\"@id\":\"https:\/\/www.timmpi.com\/fr\/#organization\"},\"image\":{\"@id\":\"https:\/\/www.timmpi.com\/fr\/limmersion-par-le-son\/#primaryimage\"},\"thumbnailUrl\":\"https:\/\/www.timmpi.com\/wp-content\/uploads\/energie-musique2-300x169.gif\",\"articleSection\":[\"actualit\u00e9s\",\"feel the music\"],\"inLanguage\":\"fr-FR\",\"potentialAction\":[{\"@type\":\"CommentAction\",\"name\":\"Comment\",\"target\":[\"https:\/\/www.timmpi.com\/fr\/limmersion-par-le-son\/#respond\"]}]},{\"@type\":\"WebPage\",\"@id\":\"https:\/\/www.timmpi.com\/fr\/limmersion-par-le-son\/\",\"url\":\"https:\/\/www.timmpi.com\/fr\/limmersion-par-le-son\/\",\"name\":\"L'immersion par le son : l'\u00e9nergie de la musique &#8211; TiMMPi\",\"isPartOf\":{\"@id\":\"https:\/\/www.timmpi.com\/fr\/#website\"},\"primaryImageOfPage\":{\"@id\":\"https:\/\/www.timmpi.com\/fr\/limmersion-par-le-son\/#primaryimage\"},\"image\":{\"@id\":\"https:\/\/www.timmpi.com\/fr\/limmersion-par-le-son\/#primaryimage\"},\"thumbnailUrl\":\"https:\/\/www.timmpi.com\/wp-content\/uploads\/energie-musique2-300x169.gif\",\"datePublished\":\"2017-05-16T13:26:26+00:00\",\"description\":\"A l'instar de la m\u00e9ditation et du yoga, la musique ne divise pas mais regroupe. Le corps et l'esprit s'y trouvent combl\u00e9s. Par Melvin Direitinho\",\"breadcrumb\":{\"@id\":\"https:\/\/www.timmpi.com\/fr\/limmersion-par-le-son\/#breadcrumb\"},\"inLanguage\":\"fr-FR\",\"potentialAction\":[{\"@type\":\"ReadAction\",\"target\":[\"https:\/\/www.timmpi.com\/fr\/limmersion-par-le-son\/\"]}]},{\"@type\":\"ImageObject\",\"inLanguage\":\"fr-FR\",\"@id\":\"https:\/\/www.timmpi.com\/fr\/limmersion-par-le-son\/#primaryimage\",\"url\":\"https:\/\/www.timmpi.com\/wp-content\/uploads\/energie-musique2-300x169.gif\",\"contentUrl\":\"https:\/\/www.timmpi.com\/wp-content\/uploads\/energie-musique2-300x169.gif\"},{\"@type\":\"BreadcrumbList\",\"@id\":\"https:\/\/www.timmpi.com\/fr\/limmersion-par-le-son\/#breadcrumb\",\"itemListElement\":[{\"@type\":\"ListItem\",\"position\":1,\"name\":\"Home\",\"item\":\"https:\/\/www.timmpi.com\/fr\/\"},{\"@type\":\"ListItem\",\"position\":2,\"name\":\"actualit\u00e9s\",\"item\":\"https:\/\/www.timmpi.com\/fr\/category\/actualites\/\"},{\"@type\":\"ListItem\",\"position\":3,\"name\":\"L&rsquo;immersion par le son : l&rsquo;\u00e9nergie de la musique\"}]},{\"@type\":\"WebSite\",\"@id\":\"https:\/\/www.timmpi.com\/fr\/#website\",\"url\":\"https:\/\/www.timmpi.com\/fr\/\",\"name\":\"TiMMPi\",\"description\":\"Make your sound experience unique\",\"publisher\":{\"@id\":\"https:\/\/www.timmpi.com\/fr\/#organization\"},\"potentialAction\":[{\"@type\":\"SearchAction\",\"target\":{\"@type\":\"EntryPoint\",\"urlTemplate\":\"https:\/\/www.timmpi.com\/fr\/?s={search_term_string}\"},\"query-input\":{\"@type\":\"PropertyValueSpecification\",\"valueRequired\":true,\"valueName\":\"search_term_string\"}}],\"inLanguage\":\"fr-FR\"},{\"@type\":\"Organization\",\"@id\":\"https:\/\/www.timmpi.com\/fr\/#organization\",\"name\":\"Timmpi\",\"url\":\"https:\/\/www.timmpi.com\/fr\/\",\"logo\":{\"@type\":\"ImageObject\",\"inLanguage\":\"fr-FR\",\"@id\":\"https:\/\/www.timmpi.com\/fr\/#\/schema\/logo\/image\/\",\"url\":\"\",\"contentUrl\":\"\",\"caption\":\"Timmpi\"},\"image\":{\"@id\":\"https:\/\/www.timmpi.com\/fr\/#\/schema\/logo\/image\/\"},\"sameAs\":[\"http:\/\/www.facebook.com\/timmpiofficial\",\"https:\/\/x.com\/timmpi\",\"https:\/\/www.instagram.com\/timmpi_\",\"https:\/\/www.linkedin.com\/company\/timmpi\",\"https:\/\/www.youtube.com\/user\/TimmpiOfficial\"]},{\"@type\":\"Person\",\"@id\":\"https:\/\/www.timmpi.com\/fr\/#\/schema\/person\/37b1600499cdd582edea63ec5e02ebb5\",\"name\":\"Anna Svenska\",\"image\":{\"@type\":\"ImageObject\",\"inLanguage\":\"fr-FR\",\"@id\":\"https:\/\/www.timmpi.com\/fr\/#\/schema\/person\/image\/\",\"url\":\"https:\/\/secure.gravatar.com\/avatar\/3fff3a5c169416657800292907909b45e092212c2b77b6c49c0eab12c9f6d232?s=96&d=identicon&r=g\",\"contentUrl\":\"https:\/\/secure.gravatar.com\/avatar\/3fff3a5c169416657800292907909b45e092212c2b77b6c49c0eab12c9f6d232?s=96&d=identicon&r=g\",\"caption\":\"Anna Svenska\"},\"url\":\"https:\/\/www.timmpi.com\/fr\/author\/a-svenskatimmpi-com\/\"}]}<\/script>\n<!-- \/ Yoast SEO Premium plugin. -->","yoast_head_json":{"title":"L'immersion par le son : l'\u00e9nergie de la musique &#8211; TiMMPi","description":"A l'instar de la m\u00e9ditation et du yoga, la musique ne divise pas mais regroupe. Le corps et l'esprit s'y trouvent combl\u00e9s. Par Melvin Direitinho","robots":{"index":"index","follow":"follow","max-snippet":"max-snippet:-1","max-image-preview":"max-image-preview:large","max-video-preview":"max-video-preview:-1"},"canonical":"https:\/\/www.timmpi.com\/fr\/limmersion-par-le-son\/","og_locale":"fr_FR","og_type":"article","og_title":"L'immersion par le son : l'\u00e9nergie de la musique","og_description":"A l'instar de la m\u00e9ditation et du yoga, la musique ne divise pas mais regroupe. Le corps et l'esprit s'y trouvent combl\u00e9s. Par Melvin Direitinho","og_url":"https:\/\/www.timmpi.com\/fr\/limmersion-par-le-son\/","og_site_name":"TiMMPi","article_publisher":"http:\/\/www.facebook.com\/timmpiofficial","article_published_time":"2017-05-16T13:26:26+00:00","og_image":[{"url":"https:\/\/www.timmpi.com\/wp-content\/uploads\/energie-musique2-300x169.gif","type":"","width":"","height":""}],"author":"Anna Svenska","twitter_card":"summary_large_image","twitter_creator":"@timmpi","twitter_site":"@timmpi","twitter_misc":{"\u00c9crit par":"Anna Svenska","Dur\u00e9e de lecture estim\u00e9e":"3 minutes"},"schema":{"@context":"https:\/\/schema.org","@graph":[{"@type":"Article","@id":"https:\/\/www.timmpi.com\/fr\/limmersion-par-le-son\/#article","isPartOf":{"@id":"https:\/\/www.timmpi.com\/fr\/limmersion-par-le-son\/"},"author":{"name":"Anna Svenska","@id":"https:\/\/www.timmpi.com\/fr\/#\/schema\/person\/37b1600499cdd582edea63ec5e02ebb5"},"headline":"L&rsquo;immersion par le son : l&rsquo;\u00e9nergie de la musique","datePublished":"2017-05-16T13:26:26+00:00","mainEntityOfPage":{"@id":"https:\/\/www.timmpi.com\/fr\/limmersion-par-le-son\/"},"wordCount":540,"commentCount":3,"publisher":{"@id":"https:\/\/www.timmpi.com\/fr\/#organization"},"image":{"@id":"https:\/\/www.timmpi.com\/fr\/limmersion-par-le-son\/#primaryimage"},"thumbnailUrl":"https:\/\/www.timmpi.com\/wp-content\/uploads\/energie-musique2-300x169.gif","articleSection":["actualit\u00e9s","feel the music"],"inLanguage":"fr-FR","potentialAction":[{"@type":"CommentAction","name":"Comment","target":["https:\/\/www.timmpi.com\/fr\/limmersion-par-le-son\/#respond"]}]},{"@type":"WebPage","@id":"https:\/\/www.timmpi.com\/fr\/limmersion-par-le-son\/","url":"https:\/\/www.timmpi.com\/fr\/limmersion-par-le-son\/","name":"L'immersion par le son : l'\u00e9nergie de la musique &#8211; TiMMPi","isPartOf":{"@id":"https:\/\/www.timmpi.com\/fr\/#website"},"primaryImageOfPage":{"@id":"https:\/\/www.timmpi.com\/fr\/limmersion-par-le-son\/#primaryimage"},"image":{"@id":"https:\/\/www.timmpi.com\/fr\/limmersion-par-le-son\/#primaryimage"},"thumbnailUrl":"https:\/\/www.timmpi.com\/wp-content\/uploads\/energie-musique2-300x169.gif","datePublished":"2017-05-16T13:26:26+00:00","description":"A l'instar de la m\u00e9ditation et du yoga, la musique ne divise pas mais regroupe. Le corps et l'esprit s'y trouvent combl\u00e9s. Par Melvin Direitinho","breadcrumb":{"@id":"https:\/\/www.timmpi.com\/fr\/limmersion-par-le-son\/#breadcrumb"},"inLanguage":"fr-FR","potentialAction":[{"@type":"ReadAction","target":["https:\/\/www.timmpi.com\/fr\/limmersion-par-le-son\/"]}]},{"@type":"ImageObject","inLanguage":"fr-FR","@id":"https:\/\/www.timmpi.com\/fr\/limmersion-par-le-son\/#primaryimage","url":"https:\/\/www.timmpi.com\/wp-content\/uploads\/energie-musique2-300x169.gif","contentUrl":"https:\/\/www.timmpi.com\/wp-content\/uploads\/energie-musique2-300x169.gif"},{"@type":"BreadcrumbList","@id":"https:\/\/www.timmpi.com\/fr\/limmersion-par-le-son\/#breadcrumb","itemListElement":[{"@type":"ListItem","position":1,"name":"Home","item":"https:\/\/www.timmpi.com\/fr\/"},{"@type":"ListItem","position":2,"name":"actualit\u00e9s","item":"https:\/\/www.timmpi.com\/fr\/category\/actualites\/"},{"@type":"ListItem","position":3,"name":"L&rsquo;immersion par le son : l&rsquo;\u00e9nergie de la musique"}]},{"@type":"WebSite","@id":"https:\/\/www.timmpi.com\/fr\/#website","url":"https:\/\/www.timmpi.com\/fr\/","name":"TiMMPi","description":"Make your sound experience unique","publisher":{"@id":"https:\/\/www.timmpi.com\/fr\/#organization"},"potentialAction":[{"@type":"SearchAction","target":{"@type":"EntryPoint","urlTemplate":"https:\/\/www.timmpi.com\/fr\/?s={search_term_string}"},"query-input":{"@type":"PropertyValueSpecification","valueRequired":true,"valueName":"search_term_string"}}],"inLanguage":"fr-FR"},{"@type":"Organization","@id":"https:\/\/www.timmpi.com\/fr\/#organization","name":"Timmpi","url":"https:\/\/www.timmpi.com\/fr\/","logo":{"@type":"ImageObject","inLanguage":"fr-FR","@id":"https:\/\/www.timmpi.com\/fr\/#\/schema\/logo\/image\/","url":"","contentUrl":"","caption":"Timmpi"},"image":{"@id":"https:\/\/www.timmpi.com\/fr\/#\/schema\/logo\/image\/"},"sameAs":["http:\/\/www.facebook.com\/timmpiofficial","https:\/\/x.com\/timmpi","https:\/\/www.instagram.com\/timmpi_","https:\/\/www.linkedin.com\/company\/timmpi","https:\/\/www.youtube.com\/user\/TimmpiOfficial"]},{"@type":"Person","@id":"https:\/\/www.timmpi.com\/fr\/#\/schema\/person\/37b1600499cdd582edea63ec5e02ebb5","name":"Anna Svenska","image":{"@type":"ImageObject","inLanguage":"fr-FR","@id":"https:\/\/www.timmpi.com\/fr\/#\/schema\/person\/image\/","url":"https:\/\/secure.gravatar.com\/avatar\/3fff3a5c169416657800292907909b45e092212c2b77b6c49c0eab12c9f6d232?s=96&d=identicon&r=g","contentUrl":"https:\/\/secure.gravatar.com\/avatar\/3fff3a5c169416657800292907909b45e092212c2b77b6c49c0eab12c9f6d232?s=96&d=identicon&r=g","caption":"Anna Svenska"},"url":"https:\/\/www.timmpi.com\/fr\/author\/a-svenskatimmpi-com\/"}]}},"_links":{"self":[{"href":"https:\/\/www.timmpi.com\/fr\/wp-json\/wp\/v2\/posts\/9671","targetHints":{"allow":["GET"]}}],"collection":[{"href":"https:\/\/www.timmpi.com\/fr\/wp-json\/wp\/v2\/posts"}],"about":[{"href":"https:\/\/www.timmpi.com\/fr\/wp-json\/wp\/v2\/types\/post"}],"author":[{"embeddable":true,"href":"https:\/\/www.timmpi.com\/fr\/wp-json\/wp\/v2\/users\/1"}],"replies":[{"embeddable":true,"href":"https:\/\/www.timmpi.com\/fr\/wp-json\/wp\/v2\/comments?post=9671"}],"version-history":[{"count":1,"href":"https:\/\/www.timmpi.com\/fr\/wp-json\/wp\/v2\/posts\/9671\/revisions"}],"predecessor-version":[{"id":9672,"href":"https:\/\/www.timmpi.com\/fr\/wp-json\/wp\/v2\/posts\/9671\/revisions\/9672"}],"wp:attachment":[{"href":"https:\/\/www.timmpi.com\/fr\/wp-json\/wp\/v2\/media?parent=9671"}],"wp:term":[{"taxonomy":"category","embeddable":true,"href":"https:\/\/www.timmpi.com\/fr\/wp-json\/wp\/v2\/categories?post=9671"},{"taxonomy":"post_tag","embeddable":true,"href":"https:\/\/www.timmpi.com\/fr\/wp-json\/wp\/v2\/tags?post=9671"}],"curies":[{"name":"wp","href":"https:\/\/api.w.org\/{rel}","templated":true}]}}