

{"id":6769,"date":"2015-06-10T18:03:44","date_gmt":"2015-06-10T17:03:44","guid":{"rendered":"https:\/\/www.timmpi.com\/?p=6769"},"modified":"2015-11-27T13:42:38","modified_gmt":"2015-11-27T12:42:38","slug":"deaf-dancers-using-the-subpac-for-the-first-time-2","status":"publish","type":"post","link":"https:\/\/www.timmpi.com\/fr\/deaf-dancers-using-the-subpac-for-the-first-time-2\/","title":{"rendered":"Deaf dancers using the SubPac for the first time!"},"content":{"rendered":"<h1>Un nouveau dispositif qui permet de communier la danse et la surdit\u00e9, le SubPac !<\/h1>\n<p>La surdit\u00e9 n&rsquo;est plus un obstacle dans la pratique de la danse&#8230;<\/p>\n<p>Avril 2015, Timmpi pr\u00e9sente le SubPac \u00e0 Jules et Agathe, deux danseurs atteints de surdit\u00e9.<\/p>\n","protected":false},"excerpt":{"rendered":"<p>Un nouveau dispositif qui permet de communier la danse et la surdit\u00e9, le SubPac !&#8230;<\/p>\n","protected":false},"author":1,"featured_media":6767,"comment_status":"open","ping_status":"open","sticky":false,"template":"","format":"video","meta":{"inline_featured_image":false,"footnotes":""},"categories":[363,277,299,281,275,290,323],"tags":[],"class_list":{"0":"post-6769","1":"post","2":"type-post","3":"status-publish","4":"format-video","5":"has-post-thumbnail","7":"category-actualites","8":"category-basses-fr","9":"category-dispositif-vibrant","10":"category-ressentir-la-musique","11":"category-interviews-fr","12":"category-sourds","13":"category-technologie-de-basses-tactiles-fr","14":"post_format-post-format-video"},"yoast_head":"<!-- This site is optimized with the Yoast SEO Premium plugin v23.1 (Yoast SEO v24.7) - https:\/\/yoast.com\/wordpress\/plugins\/seo\/ -->\n<title>Deaf dancers using the SubPac for the first time! &#8211; TiMMPi<\/title>\n<meta name=\"robots\" content=\"index, follow, max-snippet:-1, max-image-preview:large, max-video-preview:-1\" \/>\n<link rel=\"canonical\" href=\"https:\/\/www.timmpi.com\/fr\/deaf-dancers-using-the-subpac-for-the-first-time-2\/\" \/>\n<meta property=\"og:locale\" content=\"fr_FR\" \/>\n<meta property=\"og:type\" content=\"article\" \/>\n<meta property=\"og:title\" content=\"Deaf dancers using the SubPac for the first time!\" \/>\n<meta property=\"og:description\" content=\"Un nouveau dispositif qui permet de communier la danse et la surdit\u00e9, le SubPac !...\" \/>\n<meta property=\"og:url\" content=\"https:\/\/www.timmpi.com\/fr\/deaf-dancers-using-the-subpac-for-the-first-time-2\/\" \/>\n<meta property=\"og:site_name\" content=\"TiMMPi\" \/>\n<meta property=\"article:publisher\" content=\"http:\/\/www.facebook.com\/timmpiofficial\" \/>\n<meta property=\"article:published_time\" content=\"2015-06-10T17:03:44+00:00\" \/>\n<meta property=\"article:modified_time\" content=\"2015-11-27T12:42:38+00:00\" \/>\n<meta property=\"og:image\" content=\"https:\/\/www.timmpi.com\/wp-content\/uploads\/jules_dancer.png\" \/>\n\t<meta property=\"og:image:width\" content=\"1635\" \/>\n\t<meta property=\"og:image:height\" content=\"1080\" \/>\n\t<meta property=\"og:image:type\" content=\"image\/png\" \/>\n<meta name=\"author\" content=\"Anna Svenska\" \/>\n<meta name=\"twitter:card\" content=\"summary_large_image\" \/>\n<meta name=\"twitter:creator\" content=\"@timmpi\" \/>\n<meta name=\"twitter:site\" content=\"@timmpi\" \/>\n<meta name=\"twitter:label1\" content=\"\u00c9crit par\" \/>\n\t<meta name=\"twitter:data1\" content=\"Anna Svenska\" \/>\n<script type=\"application\/ld+json\" class=\"yoast-schema-graph\">{\"@context\":\"https:\/\/schema.org\",\"@graph\":[{\"@type\":\"Article\",\"@id\":\"https:\/\/www.timmpi.com\/fr\/deaf-dancers-using-the-subpac-for-the-first-time-2\/#article\",\"isPartOf\":{\"@id\":\"https:\/\/www.timmpi.com\/fr\/deaf-dancers-using-the-subpac-for-the-first-time-2\/\"},\"author\":{\"name\":\"Anna Svenska\",\"@id\":\"https:\/\/www.timmpi.com\/fr\/#\/schema\/person\/37b1600499cdd582edea63ec5e02ebb5\"},\"headline\":\"Deaf dancers using the SubPac for the first time!\",\"datePublished\":\"2015-06-10T17:03:44+00:00\",\"dateModified\":\"2015-11-27T12:42:38+00:00\",\"mainEntityOfPage\":{\"@id\":\"https:\/\/www.timmpi.com\/fr\/deaf-dancers-using-the-subpac-for-the-first-time-2\/\"},\"wordCount\":49,\"commentCount\":0,\"publisher\":{\"@id\":\"https:\/\/www.timmpi.com\/fr\/#organization\"},\"image\":{\"@id\":\"https:\/\/www.timmpi.com\/fr\/deaf-dancers-using-the-subpac-for-the-first-time-2\/#primaryimage\"},\"thumbnailUrl\":\"https:\/\/www.timmpi.com\/wp-content\/uploads\/jules_dancer.png\",\"articleSection\":[\"actualit\u00e9s\",\"basses\",\"dispositif vibrant\",\"feel the music\",\"interviews\",\"sourds\",\"technologie de basses tactiles\"],\"inLanguage\":\"fr-FR\",\"potentialAction\":[{\"@type\":\"CommentAction\",\"name\":\"Comment\",\"target\":[\"https:\/\/www.timmpi.com\/fr\/deaf-dancers-using-the-subpac-for-the-first-time-2\/#respond\"]}]},{\"@type\":\"WebPage\",\"@id\":\"https:\/\/www.timmpi.com\/fr\/deaf-dancers-using-the-subpac-for-the-first-time-2\/\",\"url\":\"https:\/\/www.timmpi.com\/fr\/deaf-dancers-using-the-subpac-for-the-first-time-2\/\",\"name\":\"Deaf dancers using the SubPac for the first time! &#8211; TiMMPi\",\"isPartOf\":{\"@id\":\"https:\/\/www.timmpi.com\/fr\/#website\"},\"primaryImageOfPage\":{\"@id\":\"https:\/\/www.timmpi.com\/fr\/deaf-dancers-using-the-subpac-for-the-first-time-2\/#primaryimage\"},\"image\":{\"@id\":\"https:\/\/www.timmpi.com\/fr\/deaf-dancers-using-the-subpac-for-the-first-time-2\/#primaryimage\"},\"thumbnailUrl\":\"https:\/\/www.timmpi.com\/wp-content\/uploads\/jules_dancer.png\",\"datePublished\":\"2015-06-10T17:03:44+00:00\",\"dateModified\":\"2015-11-27T12:42:38+00:00\",\"breadcrumb\":{\"@id\":\"https:\/\/www.timmpi.com\/fr\/deaf-dancers-using-the-subpac-for-the-first-time-2\/#breadcrumb\"},\"inLanguage\":\"fr-FR\",\"potentialAction\":[{\"@type\":\"ReadAction\",\"target\":[\"https:\/\/www.timmpi.com\/fr\/deaf-dancers-using-the-subpac-for-the-first-time-2\/\"]}]},{\"@type\":\"ImageObject\",\"inLanguage\":\"fr-FR\",\"@id\":\"https:\/\/www.timmpi.com\/fr\/deaf-dancers-using-the-subpac-for-the-first-time-2\/#primaryimage\",\"url\":\"https:\/\/www.timmpi.com\/wp-content\/uploads\/jules_dancer.png\",\"contentUrl\":\"https:\/\/www.timmpi.com\/wp-content\/uploads\/jules_dancer.png\",\"width\":1635,\"height\":1080},{\"@type\":\"BreadcrumbList\",\"@id\":\"https:\/\/www.timmpi.com\/fr\/deaf-dancers-using-the-subpac-for-the-first-time-2\/#breadcrumb\",\"itemListElement\":[{\"@type\":\"ListItem\",\"position\":1,\"name\":\"Home\",\"item\":\"https:\/\/www.timmpi.com\/fr\/\"},{\"@type\":\"ListItem\",\"position\":2,\"name\":\"actualit\u00e9s\",\"item\":\"https:\/\/www.timmpi.com\/fr\/category\/actualites\/\"},{\"@type\":\"ListItem\",\"position\":3,\"name\":\"Deaf dancers using the SubPac for the first time!\"}]},{\"@type\":\"WebSite\",\"@id\":\"https:\/\/www.timmpi.com\/fr\/#website\",\"url\":\"https:\/\/www.timmpi.com\/fr\/\",\"name\":\"TiMMPi\",\"description\":\"Make your sound experience unique\",\"publisher\":{\"@id\":\"https:\/\/www.timmpi.com\/fr\/#organization\"},\"potentialAction\":[{\"@type\":\"SearchAction\",\"target\":{\"@type\":\"EntryPoint\",\"urlTemplate\":\"https:\/\/www.timmpi.com\/fr\/?s={search_term_string}\"},\"query-input\":{\"@type\":\"PropertyValueSpecification\",\"valueRequired\":true,\"valueName\":\"search_term_string\"}}],\"inLanguage\":\"fr-FR\"},{\"@type\":\"Organization\",\"@id\":\"https:\/\/www.timmpi.com\/fr\/#organization\",\"name\":\"Timmpi\",\"url\":\"https:\/\/www.timmpi.com\/fr\/\",\"logo\":{\"@type\":\"ImageObject\",\"inLanguage\":\"fr-FR\",\"@id\":\"https:\/\/www.timmpi.com\/fr\/#\/schema\/logo\/image\/\",\"url\":\"\",\"contentUrl\":\"\",\"caption\":\"Timmpi\"},\"image\":{\"@id\":\"https:\/\/www.timmpi.com\/fr\/#\/schema\/logo\/image\/\"},\"sameAs\":[\"http:\/\/www.facebook.com\/timmpiofficial\",\"https:\/\/x.com\/timmpi\",\"https:\/\/www.instagram.com\/timmpi_\",\"https:\/\/www.linkedin.com\/company\/timmpi\",\"https:\/\/www.youtube.com\/user\/TimmpiOfficial\"]},{\"@type\":\"Person\",\"@id\":\"https:\/\/www.timmpi.com\/fr\/#\/schema\/person\/37b1600499cdd582edea63ec5e02ebb5\",\"name\":\"Anna Svenska\",\"image\":{\"@type\":\"ImageObject\",\"inLanguage\":\"fr-FR\",\"@id\":\"https:\/\/www.timmpi.com\/fr\/#\/schema\/person\/image\/\",\"url\":\"https:\/\/secure.gravatar.com\/avatar\/3fff3a5c169416657800292907909b45e092212c2b77b6c49c0eab12c9f6d232?s=96&d=identicon&r=g\",\"contentUrl\":\"https:\/\/secure.gravatar.com\/avatar\/3fff3a5c169416657800292907909b45e092212c2b77b6c49c0eab12c9f6d232?s=96&d=identicon&r=g\",\"caption\":\"Anna Svenska\"},\"url\":\"https:\/\/www.timmpi.com\/fr\/author\/a-svenskatimmpi-com\/\"}]}<\/script>\n<!-- \/ Yoast SEO Premium plugin. -->","yoast_head_json":{"title":"Deaf dancers using the SubPac for the first time! &#8211; TiMMPi","robots":{"index":"index","follow":"follow","max-snippet":"max-snippet:-1","max-image-preview":"max-image-preview:large","max-video-preview":"max-video-preview:-1"},"canonical":"https:\/\/www.timmpi.com\/fr\/deaf-dancers-using-the-subpac-for-the-first-time-2\/","og_locale":"fr_FR","og_type":"article","og_title":"Deaf dancers using the SubPac for the first time!","og_description":"Un nouveau dispositif qui permet de communier la danse et la surdit\u00e9, le SubPac !...","og_url":"https:\/\/www.timmpi.com\/fr\/deaf-dancers-using-the-subpac-for-the-first-time-2\/","og_site_name":"TiMMPi","article_publisher":"http:\/\/www.facebook.com\/timmpiofficial","article_published_time":"2015-06-10T17:03:44+00:00","article_modified_time":"2015-11-27T12:42:38+00:00","og_image":[{"width":1635,"height":1080,"url":"https:\/\/www.timmpi.com\/wp-content\/uploads\/jules_dancer.png","type":"image\/png"}],"author":"Anna Svenska","twitter_card":"summary_large_image","twitter_creator":"@timmpi","twitter_site":"@timmpi","twitter_misc":{"\u00c9crit par":"Anna Svenska"},"schema":{"@context":"https:\/\/schema.org","@graph":[{"@type":"Article","@id":"https:\/\/www.timmpi.com\/fr\/deaf-dancers-using-the-subpac-for-the-first-time-2\/#article","isPartOf":{"@id":"https:\/\/www.timmpi.com\/fr\/deaf-dancers-using-the-subpac-for-the-first-time-2\/"},"author":{"name":"Anna Svenska","@id":"https:\/\/www.timmpi.com\/fr\/#\/schema\/person\/37b1600499cdd582edea63ec5e02ebb5"},"headline":"Deaf dancers using the SubPac for the first time!","datePublished":"2015-06-10T17:03:44+00:00","dateModified":"2015-11-27T12:42:38+00:00","mainEntityOfPage":{"@id":"https:\/\/www.timmpi.com\/fr\/deaf-dancers-using-the-subpac-for-the-first-time-2\/"},"wordCount":49,"commentCount":0,"publisher":{"@id":"https:\/\/www.timmpi.com\/fr\/#organization"},"image":{"@id":"https:\/\/www.timmpi.com\/fr\/deaf-dancers-using-the-subpac-for-the-first-time-2\/#primaryimage"},"thumbnailUrl":"https:\/\/www.timmpi.com\/wp-content\/uploads\/jules_dancer.png","articleSection":["actualit\u00e9s","basses","dispositif vibrant","feel the music","interviews","sourds","technologie de basses tactiles"],"inLanguage":"fr-FR","potentialAction":[{"@type":"CommentAction","name":"Comment","target":["https:\/\/www.timmpi.com\/fr\/deaf-dancers-using-the-subpac-for-the-first-time-2\/#respond"]}]},{"@type":"WebPage","@id":"https:\/\/www.timmpi.com\/fr\/deaf-dancers-using-the-subpac-for-the-first-time-2\/","url":"https:\/\/www.timmpi.com\/fr\/deaf-dancers-using-the-subpac-for-the-first-time-2\/","name":"Deaf dancers using the SubPac for the first time! &#8211; TiMMPi","isPartOf":{"@id":"https:\/\/www.timmpi.com\/fr\/#website"},"primaryImageOfPage":{"@id":"https:\/\/www.timmpi.com\/fr\/deaf-dancers-using-the-subpac-for-the-first-time-2\/#primaryimage"},"image":{"@id":"https:\/\/www.timmpi.com\/fr\/deaf-dancers-using-the-subpac-for-the-first-time-2\/#primaryimage"},"thumbnailUrl":"https:\/\/www.timmpi.com\/wp-content\/uploads\/jules_dancer.png","datePublished":"2015-06-10T17:03:44+00:00","dateModified":"2015-11-27T12:42:38+00:00","breadcrumb":{"@id":"https:\/\/www.timmpi.com\/fr\/deaf-dancers-using-the-subpac-for-the-first-time-2\/#breadcrumb"},"inLanguage":"fr-FR","potentialAction":[{"@type":"ReadAction","target":["https:\/\/www.timmpi.com\/fr\/deaf-dancers-using-the-subpac-for-the-first-time-2\/"]}]},{"@type":"ImageObject","inLanguage":"fr-FR","@id":"https:\/\/www.timmpi.com\/fr\/deaf-dancers-using-the-subpac-for-the-first-time-2\/#primaryimage","url":"https:\/\/www.timmpi.com\/wp-content\/uploads\/jules_dancer.png","contentUrl":"https:\/\/www.timmpi.com\/wp-content\/uploads\/jules_dancer.png","width":1635,"height":1080},{"@type":"BreadcrumbList","@id":"https:\/\/www.timmpi.com\/fr\/deaf-dancers-using-the-subpac-for-the-first-time-2\/#breadcrumb","itemListElement":[{"@type":"ListItem","position":1,"name":"Home","item":"https:\/\/www.timmpi.com\/fr\/"},{"@type":"ListItem","position":2,"name":"actualit\u00e9s","item":"https:\/\/www.timmpi.com\/fr\/category\/actualites\/"},{"@type":"ListItem","position":3,"name":"Deaf dancers using the SubPac for the first time!"}]},{"@type":"WebSite","@id":"https:\/\/www.timmpi.com\/fr\/#website","url":"https:\/\/www.timmpi.com\/fr\/","name":"TiMMPi","description":"Make your sound experience unique","publisher":{"@id":"https:\/\/www.timmpi.com\/fr\/#organization"},"potentialAction":[{"@type":"SearchAction","target":{"@type":"EntryPoint","urlTemplate":"https:\/\/www.timmpi.com\/fr\/?s={search_term_string}"},"query-input":{"@type":"PropertyValueSpecification","valueRequired":true,"valueName":"search_term_string"}}],"inLanguage":"fr-FR"},{"@type":"Organization","@id":"https:\/\/www.timmpi.com\/fr\/#organization","name":"Timmpi","url":"https:\/\/www.timmpi.com\/fr\/","logo":{"@type":"ImageObject","inLanguage":"fr-FR","@id":"https:\/\/www.timmpi.com\/fr\/#\/schema\/logo\/image\/","url":"","contentUrl":"","caption":"Timmpi"},"image":{"@id":"https:\/\/www.timmpi.com\/fr\/#\/schema\/logo\/image\/"},"sameAs":["http:\/\/www.facebook.com\/timmpiofficial","https:\/\/x.com\/timmpi","https:\/\/www.instagram.com\/timmpi_","https:\/\/www.linkedin.com\/company\/timmpi","https:\/\/www.youtube.com\/user\/TimmpiOfficial"]},{"@type":"Person","@id":"https:\/\/www.timmpi.com\/fr\/#\/schema\/person\/37b1600499cdd582edea63ec5e02ebb5","name":"Anna Svenska","image":{"@type":"ImageObject","inLanguage":"fr-FR","@id":"https:\/\/www.timmpi.com\/fr\/#\/schema\/person\/image\/","url":"https:\/\/secure.gravatar.com\/avatar\/3fff3a5c169416657800292907909b45e092212c2b77b6c49c0eab12c9f6d232?s=96&d=identicon&r=g","contentUrl":"https:\/\/secure.gravatar.com\/avatar\/3fff3a5c169416657800292907909b45e092212c2b77b6c49c0eab12c9f6d232?s=96&d=identicon&r=g","caption":"Anna Svenska"},"url":"https:\/\/www.timmpi.com\/fr\/author\/a-svenskatimmpi-com\/"}]}},"_links":{"self":[{"href":"https:\/\/www.timmpi.com\/fr\/wp-json\/wp\/v2\/posts\/6769","targetHints":{"allow":["GET"]}}],"collection":[{"href":"https:\/\/www.timmpi.com\/fr\/wp-json\/wp\/v2\/posts"}],"about":[{"href":"https:\/\/www.timmpi.com\/fr\/wp-json\/wp\/v2\/types\/post"}],"author":[{"embeddable":true,"href":"https:\/\/www.timmpi.com\/fr\/wp-json\/wp\/v2\/users\/1"}],"replies":[{"embeddable":true,"href":"https:\/\/www.timmpi.com\/fr\/wp-json\/wp\/v2\/comments?post=6769"}],"version-history":[{"count":1,"href":"https:\/\/www.timmpi.com\/fr\/wp-json\/wp\/v2\/posts\/6769\/revisions"}],"predecessor-version":[{"id":6770,"href":"https:\/\/www.timmpi.com\/fr\/wp-json\/wp\/v2\/posts\/6769\/revisions\/6770"}],"wp:featuredmedia":[{"embeddable":true,"href":"https:\/\/www.timmpi.com\/fr\/wp-json\/wp\/v2\/media\/6767"}],"wp:attachment":[{"href":"https:\/\/www.timmpi.com\/fr\/wp-json\/wp\/v2\/media?parent=6769"}],"wp:term":[{"taxonomy":"category","embeddable":true,"href":"https:\/\/www.timmpi.com\/fr\/wp-json\/wp\/v2\/categories?post=6769"},{"taxonomy":"post_tag","embeddable":true,"href":"https:\/\/www.timmpi.com\/fr\/wp-json\/wp\/v2\/tags?post=6769"}],"curies":[{"name":"wp","href":"https:\/\/api.w.org\/{rel}","templated":true}]}}