

{"id":5334,"date":"2014-12-02T02:05:36","date_gmt":"2014-12-02T01:05:36","guid":{"rendered":"https:\/\/www.timmpi.com\/le-subpac-une-nouvelle-dimension-pour-les-sourds-et-malentendants-2\/"},"modified":"2018-12-20T12:58:35","modified_gmt":"2018-12-20T11:58:35","slug":"le-subpac-une-nouvelle-dimension-pour-les-sourds-et-malentendants","status":"publish","type":"post","link":"https:\/\/www.timmpi.com\/es\/le-subpac-une-nouvelle-dimension-pour-les-sourds-et-malentendants\/","title":{"rendered":"Le Subpac, une nouvelle dimension pour les sourds et malentendants"},"content":{"rendered":"<div id=\"watch-description-text\" class=\"\">\n<p id=\"eow-description\">Review du Subpac S1 en langue des signes par une famille sourde, premier syst\u00e8me tactile de traitement des basses fr\u00e9quences. Une nouvelle dimension.<br \/>\nMerci \u00e0 Ben et Ronit pour leur acceuil ainsi qu&#8217;\u00e0 Eva (\u00e9tudiante en LSF) pour le montage.<\/p>\n<\/div>\n<div id=\"watch-description-extras\">\n<ul class=\"watch-extras-section\">\n<li class=\"watch-meta-item \">\n<h4 class=\"title\">Musique : \u00abCrazy (N\u00f4ze Remix &#8211; Extended Club Version)\u00bb de <a class=\" yt-uix-sessionlink     spf-link  g-hovercard\" href=\"https:\/\/www.youtube.com\/channel\/UCwpHYjS_BsQtNoFqybFr_kg\" data-sessionlink=\"ei=dw99VMuaFsiQct-kgJgM\" data-ytid=\"UCwpHYjS_BsQtNoFqybFr_kg\" data-name=\"\">Ornette<\/a><\/h4>\n<\/li>\n<\/ul>\n<\/div>\n","protected":false},"excerpt":{"rendered":"<p>Review du Subpac S1 en langue des signes par une famille sourde, premier syst\u00e8me tactile&#8230;<\/p>\n","protected":false},"author":1,"featured_media":0,"comment_status":"open","ping_status":"open","sticky":false,"template":"","format":"video","meta":{"inline_featured_image":false,"footnotes":""},"categories":[364,69,71,119,174,19,114,18,300,292,121,322,108],"tags":[],"class_list":{"0":"post-5334","1":"post","2":"type-post","3":"status-publish","4":"format-video","6":"category-news","7":"category-audio","8":"category-bass","9":"category-feel-the-music","10":"category-gaming","11":"category-interviews","12":"category-kickstarter","13":"category-highlights","14":"category-sound-design","15":"category-deaf","16":"category-studio-live","17":"category-tactile-bass-systems","18":"category-vibration-device","19":"post_format-post-format-video"},"yoast_head":"<!-- This site is optimized with the Yoast SEO Premium plugin v23.1 (Yoast SEO v24.7) - https:\/\/yoast.com\/wordpress\/plugins\/seo\/ -->\n<title>Le Subpac, une nouvelle dimension pour les sourds<\/title>\n<meta name=\"description\" content=\"Review du Subpac S1 en langue des signes par une famille sourde, premier syst\u00e8me tactile de traitement des basses fr\u00e9quences. Une nouvelle dimension.\" \/>\n<meta name=\"robots\" content=\"index, follow, max-snippet:-1, max-image-preview:large, max-video-preview:-1\" \/>\n<link rel=\"canonical\" href=\"https:\/\/www.timmpi.com\/es\/le-subpac-une-nouvelle-dimension-pour-les-sourds-et-malentendants\/\" \/>\n<meta property=\"og:locale\" content=\"es_ES\" \/>\n<meta property=\"og:type\" content=\"article\" \/>\n<meta property=\"og:title\" content=\"Le Subpac, une nouvelle dimension pour les sourds et malentendants\" \/>\n<meta property=\"og:description\" content=\"Review du Subpac S1 en langue des signes par une famille sourde, premier syst\u00e8me tactile de traitement des basses fr\u00e9quences. Une nouvelle dimension.\" \/>\n<meta property=\"og:url\" content=\"https:\/\/www.timmpi.com\/es\/le-subpac-une-nouvelle-dimension-pour-les-sourds-et-malentendants\/\" \/>\n<meta property=\"og:site_name\" content=\"TiMMPi\" \/>\n<meta property=\"article:publisher\" content=\"http:\/\/www.facebook.com\/timmpiofficial\" \/>\n<meta property=\"article:published_time\" content=\"2014-12-02T01:05:36+00:00\" \/>\n<meta property=\"article:modified_time\" content=\"2018-12-20T11:58:35+00:00\" \/>\n<meta name=\"author\" content=\"Anna Svenska\" \/>\n<meta name=\"twitter:card\" content=\"summary_large_image\" \/>\n<meta name=\"twitter:creator\" content=\"@timmpi\" \/>\n<meta name=\"twitter:site\" content=\"@timmpi\" \/>\n<meta name=\"twitter:label1\" content=\"Escrito por\" \/>\n\t<meta name=\"twitter:data1\" content=\"Anna Svenska\" \/>\n<script type=\"application\/ld+json\" class=\"yoast-schema-graph\">{\"@context\":\"https:\/\/schema.org\",\"@graph\":[{\"@type\":\"Article\",\"@id\":\"https:\/\/www.timmpi.com\/es\/le-subpac-une-nouvelle-dimension-pour-les-sourds-et-malentendants\/#article\",\"isPartOf\":{\"@id\":\"https:\/\/www.timmpi.com\/es\/le-subpac-une-nouvelle-dimension-pour-les-sourds-et-malentendants\/\"},\"author\":{\"name\":\"Anna Svenska\",\"@id\":\"https:\/\/www.timmpi.com\/es\/#\/schema\/person\/37b1600499cdd582edea63ec5e02ebb5\"},\"headline\":\"Le Subpac, une nouvelle dimension pour les sourds et malentendants\",\"datePublished\":\"2014-12-02T01:05:36+00:00\",\"dateModified\":\"2018-12-20T11:58:35+00:00\",\"mainEntityOfPage\":{\"@id\":\"https:\/\/www.timmpi.com\/es\/le-subpac-une-nouvelle-dimension-pour-les-sourds-et-malentendants\/\"},\"wordCount\":62,\"commentCount\":0,\"publisher\":{\"@id\":\"https:\/\/www.timmpi.com\/es\/#organization\"},\"articleSection\":[\"actualit\u00e9s\",\"audio\",\"bass\",\"feel the music\",\"gaming\",\"interviews\",\"kickstarter\",\"nouveaut\u00e9s\",\"sound design\",\"sourds\",\"studio \/ live accessories\",\"tactile bass systems\",\"vibration device\"],\"inLanguage\":\"es\",\"potentialAction\":[{\"@type\":\"CommentAction\",\"name\":\"Comment\",\"target\":[\"https:\/\/www.timmpi.com\/es\/le-subpac-une-nouvelle-dimension-pour-les-sourds-et-malentendants\/#respond\"]}]},{\"@type\":\"WebPage\",\"@id\":\"https:\/\/www.timmpi.com\/es\/le-subpac-une-nouvelle-dimension-pour-les-sourds-et-malentendants\/\",\"url\":\"https:\/\/www.timmpi.com\/es\/le-subpac-une-nouvelle-dimension-pour-les-sourds-et-malentendants\/\",\"name\":\"Le Subpac, une nouvelle dimension pour les sourds\",\"isPartOf\":{\"@id\":\"https:\/\/www.timmpi.com\/es\/#website\"},\"datePublished\":\"2014-12-02T01:05:36+00:00\",\"dateModified\":\"2018-12-20T11:58:35+00:00\",\"description\":\"Review du Subpac S1 en langue des signes par une famille sourde, premier syst\u00e8me tactile de traitement des basses fr\u00e9quences. Une nouvelle dimension.\",\"breadcrumb\":{\"@id\":\"https:\/\/www.timmpi.com\/es\/le-subpac-une-nouvelle-dimension-pour-les-sourds-et-malentendants\/#breadcrumb\"},\"inLanguage\":\"es\",\"potentialAction\":[{\"@type\":\"ReadAction\",\"target\":[\"https:\/\/www.timmpi.com\/es\/le-subpac-une-nouvelle-dimension-pour-les-sourds-et-malentendants\/\"]}]},{\"@type\":\"BreadcrumbList\",\"@id\":\"https:\/\/www.timmpi.com\/es\/le-subpac-une-nouvelle-dimension-pour-les-sourds-et-malentendants\/#breadcrumb\",\"itemListElement\":[{\"@type\":\"ListItem\",\"position\":1,\"name\":\"Home\",\"item\":\"https:\/\/www.timmpi.com\/es\/\"},{\"@type\":\"ListItem\",\"position\":2,\"name\":\"actualidad\",\"item\":\"https:\/\/www.timmpi.com\/es\/category\/actualidad\/\"},{\"@type\":\"ListItem\",\"position\":3,\"name\":\"Le Subpac, une nouvelle dimension pour les sourds et malentendants\"}]},{\"@type\":\"WebSite\",\"@id\":\"https:\/\/www.timmpi.com\/es\/#website\",\"url\":\"https:\/\/www.timmpi.com\/es\/\",\"name\":\"TiMMPi\",\"description\":\"Make your sound experience unique\",\"publisher\":{\"@id\":\"https:\/\/www.timmpi.com\/es\/#organization\"},\"potentialAction\":[{\"@type\":\"SearchAction\",\"target\":{\"@type\":\"EntryPoint\",\"urlTemplate\":\"https:\/\/www.timmpi.com\/es\/?s={search_term_string}\"},\"query-input\":{\"@type\":\"PropertyValueSpecification\",\"valueRequired\":true,\"valueName\":\"search_term_string\"}}],\"inLanguage\":\"es\"},{\"@type\":\"Organization\",\"@id\":\"https:\/\/www.timmpi.com\/es\/#organization\",\"name\":\"Timmpi\",\"url\":\"https:\/\/www.timmpi.com\/es\/\",\"logo\":{\"@type\":\"ImageObject\",\"inLanguage\":\"es\",\"@id\":\"https:\/\/www.timmpi.com\/es\/#\/schema\/logo\/image\/\",\"url\":\"\",\"contentUrl\":\"\",\"caption\":\"Timmpi\"},\"image\":{\"@id\":\"https:\/\/www.timmpi.com\/es\/#\/schema\/logo\/image\/\"},\"sameAs\":[\"http:\/\/www.facebook.com\/timmpiofficial\",\"https:\/\/x.com\/timmpi\",\"https:\/\/www.instagram.com\/timmpi_\",\"https:\/\/www.linkedin.com\/company\/timmpi\",\"https:\/\/www.youtube.com\/user\/TimmpiOfficial\"]},{\"@type\":\"Person\",\"@id\":\"https:\/\/www.timmpi.com\/es\/#\/schema\/person\/37b1600499cdd582edea63ec5e02ebb5\",\"name\":\"Anna Svenska\",\"image\":{\"@type\":\"ImageObject\",\"inLanguage\":\"es\",\"@id\":\"https:\/\/www.timmpi.com\/es\/#\/schema\/person\/image\/\",\"url\":\"https:\/\/secure.gravatar.com\/avatar\/3fff3a5c169416657800292907909b45e092212c2b77b6c49c0eab12c9f6d232?s=96&d=identicon&r=g\",\"contentUrl\":\"https:\/\/secure.gravatar.com\/avatar\/3fff3a5c169416657800292907909b45e092212c2b77b6c49c0eab12c9f6d232?s=96&d=identicon&r=g\",\"caption\":\"Anna Svenska\"},\"url\":\"https:\/\/www.timmpi.com\/es\/author\/a-svenskatimmpi-com\/\"}]}<\/script>\n<!-- \/ Yoast SEO Premium plugin. -->","yoast_head_json":{"title":"Le Subpac, une nouvelle dimension pour les sourds","description":"Review du Subpac S1 en langue des signes par une famille sourde, premier syst\u00e8me tactile de traitement des basses fr\u00e9quences. Une nouvelle dimension.","robots":{"index":"index","follow":"follow","max-snippet":"max-snippet:-1","max-image-preview":"max-image-preview:large","max-video-preview":"max-video-preview:-1"},"canonical":"https:\/\/www.timmpi.com\/es\/le-subpac-une-nouvelle-dimension-pour-les-sourds-et-malentendants\/","og_locale":"es_ES","og_type":"article","og_title":"Le Subpac, une nouvelle dimension pour les sourds et malentendants","og_description":"Review du Subpac S1 en langue des signes par une famille sourde, premier syst\u00e8me tactile de traitement des basses fr\u00e9quences. Une nouvelle dimension.","og_url":"https:\/\/www.timmpi.com\/es\/le-subpac-une-nouvelle-dimension-pour-les-sourds-et-malentendants\/","og_site_name":"TiMMPi","article_publisher":"http:\/\/www.facebook.com\/timmpiofficial","article_published_time":"2014-12-02T01:05:36+00:00","article_modified_time":"2018-12-20T11:58:35+00:00","author":"Anna Svenska","twitter_card":"summary_large_image","twitter_creator":"@timmpi","twitter_site":"@timmpi","twitter_misc":{"Escrito por":"Anna Svenska"},"schema":{"@context":"https:\/\/schema.org","@graph":[{"@type":"Article","@id":"https:\/\/www.timmpi.com\/es\/le-subpac-une-nouvelle-dimension-pour-les-sourds-et-malentendants\/#article","isPartOf":{"@id":"https:\/\/www.timmpi.com\/es\/le-subpac-une-nouvelle-dimension-pour-les-sourds-et-malentendants\/"},"author":{"name":"Anna Svenska","@id":"https:\/\/www.timmpi.com\/es\/#\/schema\/person\/37b1600499cdd582edea63ec5e02ebb5"},"headline":"Le Subpac, une nouvelle dimension pour les sourds et malentendants","datePublished":"2014-12-02T01:05:36+00:00","dateModified":"2018-12-20T11:58:35+00:00","mainEntityOfPage":{"@id":"https:\/\/www.timmpi.com\/es\/le-subpac-une-nouvelle-dimension-pour-les-sourds-et-malentendants\/"},"wordCount":62,"commentCount":0,"publisher":{"@id":"https:\/\/www.timmpi.com\/es\/#organization"},"articleSection":["actualit\u00e9s","audio","bass","feel the music","gaming","interviews","kickstarter","nouveaut\u00e9s","sound design","sourds","studio \/ live accessories","tactile bass systems","vibration device"],"inLanguage":"es","potentialAction":[{"@type":"CommentAction","name":"Comment","target":["https:\/\/www.timmpi.com\/es\/le-subpac-une-nouvelle-dimension-pour-les-sourds-et-malentendants\/#respond"]}]},{"@type":"WebPage","@id":"https:\/\/www.timmpi.com\/es\/le-subpac-une-nouvelle-dimension-pour-les-sourds-et-malentendants\/","url":"https:\/\/www.timmpi.com\/es\/le-subpac-une-nouvelle-dimension-pour-les-sourds-et-malentendants\/","name":"Le Subpac, une nouvelle dimension pour les sourds","isPartOf":{"@id":"https:\/\/www.timmpi.com\/es\/#website"},"datePublished":"2014-12-02T01:05:36+00:00","dateModified":"2018-12-20T11:58:35+00:00","description":"Review du Subpac S1 en langue des signes par une famille sourde, premier syst\u00e8me tactile de traitement des basses fr\u00e9quences. Une nouvelle dimension.","breadcrumb":{"@id":"https:\/\/www.timmpi.com\/es\/le-subpac-une-nouvelle-dimension-pour-les-sourds-et-malentendants\/#breadcrumb"},"inLanguage":"es","potentialAction":[{"@type":"ReadAction","target":["https:\/\/www.timmpi.com\/es\/le-subpac-une-nouvelle-dimension-pour-les-sourds-et-malentendants\/"]}]},{"@type":"BreadcrumbList","@id":"https:\/\/www.timmpi.com\/es\/le-subpac-une-nouvelle-dimension-pour-les-sourds-et-malentendants\/#breadcrumb","itemListElement":[{"@type":"ListItem","position":1,"name":"Home","item":"https:\/\/www.timmpi.com\/es\/"},{"@type":"ListItem","position":2,"name":"actualidad","item":"https:\/\/www.timmpi.com\/es\/category\/actualidad\/"},{"@type":"ListItem","position":3,"name":"Le Subpac, une nouvelle dimension pour les sourds et malentendants"}]},{"@type":"WebSite","@id":"https:\/\/www.timmpi.com\/es\/#website","url":"https:\/\/www.timmpi.com\/es\/","name":"TiMMPi","description":"Make your sound experience unique","publisher":{"@id":"https:\/\/www.timmpi.com\/es\/#organization"},"potentialAction":[{"@type":"SearchAction","target":{"@type":"EntryPoint","urlTemplate":"https:\/\/www.timmpi.com\/es\/?s={search_term_string}"},"query-input":{"@type":"PropertyValueSpecification","valueRequired":true,"valueName":"search_term_string"}}],"inLanguage":"es"},{"@type":"Organization","@id":"https:\/\/www.timmpi.com\/es\/#organization","name":"Timmpi","url":"https:\/\/www.timmpi.com\/es\/","logo":{"@type":"ImageObject","inLanguage":"es","@id":"https:\/\/www.timmpi.com\/es\/#\/schema\/logo\/image\/","url":"","contentUrl":"","caption":"Timmpi"},"image":{"@id":"https:\/\/www.timmpi.com\/es\/#\/schema\/logo\/image\/"},"sameAs":["http:\/\/www.facebook.com\/timmpiofficial","https:\/\/x.com\/timmpi","https:\/\/www.instagram.com\/timmpi_","https:\/\/www.linkedin.com\/company\/timmpi","https:\/\/www.youtube.com\/user\/TimmpiOfficial"]},{"@type":"Person","@id":"https:\/\/www.timmpi.com\/es\/#\/schema\/person\/37b1600499cdd582edea63ec5e02ebb5","name":"Anna Svenska","image":{"@type":"ImageObject","inLanguage":"es","@id":"https:\/\/www.timmpi.com\/es\/#\/schema\/person\/image\/","url":"https:\/\/secure.gravatar.com\/avatar\/3fff3a5c169416657800292907909b45e092212c2b77b6c49c0eab12c9f6d232?s=96&d=identicon&r=g","contentUrl":"https:\/\/secure.gravatar.com\/avatar\/3fff3a5c169416657800292907909b45e092212c2b77b6c49c0eab12c9f6d232?s=96&d=identicon&r=g","caption":"Anna Svenska"},"url":"https:\/\/www.timmpi.com\/es\/author\/a-svenskatimmpi-com\/"}]}},"_links":{"self":[{"href":"https:\/\/www.timmpi.com\/es\/wp-json\/wp\/v2\/posts\/5334","targetHints":{"allow":["GET"]}}],"collection":[{"href":"https:\/\/www.timmpi.com\/es\/wp-json\/wp\/v2\/posts"}],"about":[{"href":"https:\/\/www.timmpi.com\/es\/wp-json\/wp\/v2\/types\/post"}],"author":[{"embeddable":true,"href":"https:\/\/www.timmpi.com\/es\/wp-json\/wp\/v2\/users\/1"}],"replies":[{"embeddable":true,"href":"https:\/\/www.timmpi.com\/es\/wp-json\/wp\/v2\/comments?post=5334"}],"version-history":[{"count":3,"href":"https:\/\/www.timmpi.com\/es\/wp-json\/wp\/v2\/posts\/5334\/revisions"}],"predecessor-version":[{"id":7177,"href":"https:\/\/www.timmpi.com\/es\/wp-json\/wp\/v2\/posts\/5334\/revisions\/7177"}],"wp:attachment":[{"href":"https:\/\/www.timmpi.com\/es\/wp-json\/wp\/v2\/media?parent=5334"}],"wp:term":[{"taxonomy":"category","embeddable":true,"href":"https:\/\/www.timmpi.com\/es\/wp-json\/wp\/v2\/categories?post=5334"},{"taxonomy":"post_tag","embeddable":true,"href":"https:\/\/www.timmpi.com\/es\/wp-json\/wp\/v2\/tags?post=5334"}],"curies":[{"name":"wp","href":"https:\/\/api.w.org\/{rel}","templated":true}]}}